{"id":13833,"date":"2019-12-23T11:03:08","date_gmt":"2019-12-23T11:03:08","guid":{"rendered":"https:\/\/blogadmin.walksofitaly.com\/blog\/?p=13833"},"modified":"2023-01-23T15:08:58","modified_gmt":"2023-01-23T15:08:58","slug":"the-two-popes-vatican-locations","status":"publish","type":"post","link":"https:\/\/www.walksofitaly.com\/blog\/art-culture\/the-two-popes-vatican-locations","title":{"rendered":"Vatican on Screen: Behind the Scenes of The Two Popes"},"content":{"rendered":"\r\n<p>One of the most important aspects about a film is the scenery, and as <strong>filming locations <\/strong>go there are few places that could be more impressive than those featured in Netflix&#8217;s <em><a href=\"https:\/\/www.netflix.com\/ie\/title\/80174451\" target=\"_blank\" rel=\"noreferrer noopener\" aria-label=\"The Two Popes (opens in a new tab)\">The Two Popes<\/a>. <\/em><\/p>\r\n\r\n\r\n\r\n<p>Set amidst the resignation of Pope Benedict XVI (Anthony Hopkins) from the papal office, the film centres on a number of conversations that took place between Pope Francis (Jonathan Pryce) and Benedict before and after the latter stepped down from his role.<\/p>\r\n\r\n\r\n\r\n<p>Of course, a t\u00eate-\u00e0-t\u00eate with two popes could go a number of ways. But, while juxtaposing the traditionally conservative character of Benedict with his liberal counterpart in Pope Francis, <strong>screenwriter Antony McCarten <\/strong>chose instead to centre the film on the people behind the titles.<\/p>\r\n\r\n\r\n\r\n<p>Even as their viewpoints clash, the film aims to shine a light on their similarities rather than their differences.<\/p>\r\n\r\n\r\n\r\n<p>Nevertheless, centring on such an historic encounter, the script demanded to be realised on a grand scale. Cue large replicas, gardens and palaces. <strong>Here, we take you behind the scenes at the spectacular locations that feature in <\/strong><em><strong>The Two Popes.<\/strong><\/em><\/p>\r\n\r\n\r\n\r\n<blockquote class=\"wp-block-quote has-text-align-center is-style-large is-layout-flow wp-block-quote-is-layout-flow\">\r\n<p>See the magnificence yourself with our guided tour of <a href=\"https:\/\/walksofitaly.com\/vatican-tours\/castel-gandolfo-tour\/\">Castel Gandolfo<\/a>, including access to the Papal Palace and the stunning Barberini Gardens.<\/p>\r\n<cite><a href=\"https:\/\/walksofitaly.com\/blog\">walksofitaly.com<\/a><\/cite><\/blockquote>\r\n\r\n\r\n\r\n<div id=\"ez-toc-container\" class=\"ez-toc-v2_0_80 counter-hierarchy ez-toc-counter ez-toc-grey ez-toc-container-direction\">\n<div class=\"ez-toc-title-container\">\n<p class=\"ez-toc-title\" style=\"cursor:inherit\">Table of Contents<\/p>\n<span class=\"ez-toc-title-toggle\"><a href=\"#\" class=\"ez-toc-pull-right ez-toc-btn ez-toc-btn-xs ez-toc-btn-default ez-toc-toggle\" aria-label=\"Toggle Table of Content\"><span class=\"ez-toc-js-icon-con\"><span class=\"\"><span class=\"eztoc-hide\" style=\"display:none;\">Toggle<\/span><span class=\"ez-toc-icon-toggle-span\"><svg style=\"fill: #999;color:#999\" xmlns=\"http:\/\/www.w3.org\/2000\/svg\" class=\"list-377408\" width=\"20px\" height=\"20px\" viewBox=\"0 0 24 24\" fill=\"none\"><path d=\"M6 6H4v2h2V6zm14 0H8v2h12V6zM4 11h2v2H4v-2zm16 0H8v2h12v-2zM4 16h2v2H4v-2zm16 0H8v2h12v-2z\" fill=\"currentColor\"><\/path><\/svg><svg style=\"fill: #999;color:#999\" class=\"arrow-unsorted-368013\" xmlns=\"http:\/\/www.w3.org\/2000\/svg\" width=\"10px\" height=\"10px\" viewBox=\"0 0 24 24\" version=\"1.2\" baseProfile=\"tiny\"><path d=\"M18.2 9.3l-6.2-6.3-6.2 6.3c-.2.2-.3.4-.3.7s.1.5.3.7c.2.2.4.3.7.3h11c.3 0 .5-.1.7-.3.2-.2.3-.5.3-.7s-.1-.5-.3-.7zM5.8 14.7l6.2 6.3 6.2-6.3c.2-.2.3-.5.3-.7s-.1-.5-.3-.7c-.2-.2-.4-.3-.7-.3h-11c-.3 0-.5.1-.7.3-.2.2-.3.5-.3.7s.1.5.3.7z\"\/><\/svg><\/span><\/span><\/span><\/a><\/span><\/div>\n<nav><ul class='ez-toc-list ez-toc-list-level-1 ' ><li class='ez-toc-page-1 ez-toc-heading-level-2'><a class=\"ez-toc-link ez-toc-heading-1\" href=\"https:\/\/www.walksofitaly.com\/blog\/art-culture\/the-two-popes-vatican-locations\/#Inside_Castel_Gandolfo_%E2%80%93_The_popes_summer_retreat_and_primary_location_for_The_Two_Popes\" >Inside Castel Gandolfo &#8211; The pope&#8217;s summer retreat and primary location for The Two Popes<\/a><\/li><li class='ez-toc-page-1 ez-toc-heading-level-2'><a class=\"ez-toc-link ez-toc-heading-2\" href=\"https:\/\/www.walksofitaly.com\/blog\/art-culture\/the-two-popes-vatican-locations\/#Building_the_Vatican_%E2%80%93_How_filmmakers_recreated_the_Sistine_Chapel_for_The_Two_Popes\" >Building the Vatican &#8211; How filmmakers recreated the Sistine Chapel for The Two Popes<\/a><\/li><\/ul><\/nav><\/div>\n<h2 class=\"wp-block-heading\"><span class=\"ez-toc-section\" id=\"Inside_Castel_Gandolfo_%E2%80%93_The_popes_summer_retreat_and_primary_location_for_The_Two_Popes\"><\/span>Inside Castel Gandolfo &#8211; The pope&#8217;s summer retreat and primary location for The Two Popes<span class=\"ez-toc-section-end\"><\/span><\/h2>\r\n\r\n\r\n\r\n<figure class=\"wp-block-image\"><img decoding=\"async\" width=\"1600\" height=\"900\" class=\"wp-image-13917\" src=\"https:\/\/i2.wp.com\/blogadmin.walksofitaly.com\/blog\/wp-content\/uploads\/2019\/12\/Rome-Castel-Gandolfo-Popes-Residence-Tour-2x3-0010.jpg?fit=1024%2C576&amp;ssl=1\" alt=\"The beautiful grounds of Castel Gandolfo \" srcset=\"https:\/\/www.walksofitaly.com\/blog\/wp-content\/uploads\/2019\/12\/Rome-Castel-Gandolfo-Popes-Residence-Tour-2x3-0010.jpg 1600w, https:\/\/www.walksofitaly.com\/blog\/wp-content\/uploads\/2019\/12\/Rome-Castel-Gandolfo-Popes-Residence-Tour-2x3-0010-768x432.jpg 768w, https:\/\/www.walksofitaly.com\/blog\/wp-content\/uploads\/2019\/12\/Rome-Castel-Gandolfo-Popes-Residence-Tour-2x3-0010-1536x864.jpg 1536w\" sizes=\"(max-width: 1600px) 100vw, 1600px\" \/>\r\n<figcaption>The beautiful grounds of Castel Gandolfo<\/figcaption>\r\n<\/figure>\r\n\r\n\r\n\r\n<p>The visually stunning <a href=\"https:\/\/walksofitaly.com\/rome-tours\/castel-gandolfo-tour\/\">Castel Gandolfo<\/a> serves as one of the primary locations of <em>The Two Popes.<\/em><\/p>\r\n\r\n\r\n\r\n<p>Home to the pope&#8217;s historic summer residence, this picturesque town lies forty minutes train ride from Rome and has been used since the Roman times as a retreat from the heat and crowds of the Italian capital.<\/p>\r\n\r\n\r\n\r\n<p>The palace itself was built during the 17th century as a retreat by Pope Urban VIII to get away from life in Rome. Since then it has been almost consistently in use and even served as a refuge for Jews during World War 2, housing several hundred under the protection of an ensemble of volunteers and guards.<\/p>\r\n\r\n\r\n\r\n<p>After he resigned, <strong>Benedict marked the end of his papacy within the Palace at Castel Gandolfo<\/strong>, choosing to remain there until the new pope was voted in by the Papal Conclave. Duly, when Pope Francis was elected, the two popes <strong>historically met here on March 23rd, 2013<\/strong>. Instantly, photos of the pair embracing at the helipad of Castel Gandolfo proliferated in the media and headlines speculated about their 45 minute meeting. This made it one of the prime locations for <em>The Two Popes.<\/em><\/p>\r\n\r\n\r\n\r\n<p>Along with a number of changes he made when he came into office, Pope Francis opened the Papal Palace and gardens of Castel Gandolfo up to the general public to visit. However, speaking to <em><a href=\"https:\/\/www.architecturaldigest.com\/story\/the-two-popes-movie-set-design-interview\" target=\"_blank\" rel=\"noreferrer noopener\" aria-label=\"Architectural Digest (opens in a new tab)\">Architectural Digest<\/a><\/em> production designer Mark Tildesley explained that while the crew obtained permission to film exterior shots,<strong> they weren&#8217;t permitted to film inside the palace itself<\/strong>. Instead they used two other palaces on the outskirts of the city to film the interior and close-ups.<\/p>\r\n\r\n\r\n\r\n<p>This goes to show what a rare opportunity it is to visit the grounds &#8211; <strong>one that might not be around for long<\/strong> depending on whether or not the next pope decides to continue this tradition and keep the grounds open to the public.<\/p>\r\n\r\n\r\n\r\n<p><strong>Read more:<\/strong> <a href=\"https:\/\/walksofitaly.com\/blog\/vatican\/castel-gandolfo-pope-summer-palace-rome\"><em>Discover why Castel Gandolfo is the Roman Day Trip You Didn&#8217;t Know You Needed<\/em><\/a><\/p>\r\n\r\n\r\n\r\n<h2 class=\"wp-block-heading\"><span class=\"ez-toc-section\" id=\"Building_the_Vatican_%E2%80%93_How_filmmakers_recreated_the_Sistine_Chapel_for_The_Two_Popes\"><\/span>Building the Vatican &#8211; How filmmakers recreated the Sistine Chapel for The Two Popes<span class=\"ez-toc-section-end\"><\/span><\/h2>\r\n\r\n\r\n\r\n<figure class=\"wp-block-image\"><img decoding=\"async\" class=\"wp-image-13918\" src=\"https:\/\/blogadmin.walksofitaly.com\/blog\/wp-content\/uploads\/2019\/12\/POPE_Unit_07100_rgb-1-1-1024x683.jpg\" alt=\"Director Fernando Meirelles and Jonathan Pryce filming The Two Popes, image courtesy of Studio Lucherini Pignatelli\" \/>\r\n<figcaption>Director Fernando Meirelles and Jonathan Pryce filming The Two Popes, image courtesy of Studio Lucherini Pignatelli<\/figcaption>\r\n<\/figure>\r\n\r\n\r\n\r\n<p>Setting a film in the Vatican comes with its challenges, especially when one considers <strong>the Vatican doesn&#8217;t permit the filming of fiction features inside the grounds<\/strong>. As it happens, the Vatican only allows documentaries to shoot inside, and even that is on a case by case basis.<\/p>\r\n\r\n\r\n\r\n<p>Speaking to <em><a href=\"https:\/\/www.goldderby.com\/video\/mark-tildesley-interview-the-two-popes-production-designer\/\" target=\"_blank\" rel=\"noreferrer noopener\" aria-label=\" (opens in a new tab)\">GoldDerby<\/a>, <\/em>Tildesley described how he got around this rule by using a mixture of substitute locations to recreate the Vatican on-screen. With minute research and location scouting, they tracked down a number of buildings constructed during the same period as the Vatican. Filming on location at Castera, Mondragone and Caprarola among others, they re-created the look and feel of the Vatican for the exterior shots.<\/p>\r\n\r\n\r\n\r\n<p>Of course, <strong>replacements can only hoodwink viewers so much<\/strong>, especially those who have visited the <a href=\"https:\/\/walksofitaly.com\/vatican-tours\/\">Vatican<\/a> themselves. To get a faithful representation of the Vatican&#8217;s detail, the <strong>production designers also worked with historians and expert artists to recreate a number of rooms<\/strong> including the Room of Tears, Vatican offices and the incredible <a href=\"https:\/\/walksofitaly.com\/vatican-tours\/pristine-sistine-chapel-tour\/\">Sistine Chapel<\/a>.<\/p>\r\n\r\n\r\n\r\n<figure class=\"wp-block-image\"><img decoding=\"async\" class=\"wp-image-8782\" src=\"https:\/\/blogadmin.walksofitaly.com\/blog\/wp-content\/uploads\/2016\/03\/RomeVatican-5-copy-2-1024x683.jpg\" alt=\"Crowds admire the Sistine Chapel\" \/>\r\n<figcaption>Crowds admire the ceiling of the Sistine Chapel<\/figcaption>\r\n<\/figure>\r\n\r\n\r\n\r\n<p>Speaking to <em>AD, <\/em>Tildesley explained how the Sistine Chapel was created through an eight-week process during which a group of designers essentially &#8216;tattooed&#8217; copies of the paintings onto walls at the Cinecitt\u00e0 Studios in Rome. This allowed the depth and vibrancy of the works to come to life without spending hours recreating the paintings (which they considered doing for a time!). The end result? <strong>So realistic it even convinced the Vatican experts<\/strong> they brought in to inspect the room before filming!<\/p>\r\n\r\n\r\n\r\n<p><em>Planning a trip to the Vatican? Read <\/em><a href=\"https:\/\/walksofitaly.com\/blog\/vatican\/visiting-the-vatican-museums-part-1\"><em>our guide to Visiting the Vatican Museums<\/em><\/a><\/p>\r\n\r\n\r\n\r\n\r\n\r\n<p>&nbsp;<\/p>\r\n","protected":false},"excerpt":{"rendered":"<p>One of the most important aspects about a film is the scenery, and as filming locations go there are few places that could be more impressive than those featured in Netflix\u2019s The Two Popes.<\/p>\n","protected":false},"author":61,"featured_media":13891,"comment_status":"open","ping_status":"open","sticky":false,"template":"","format":"standard","meta":{"footnotes":""},"categories":[5],"tags":[80,18,19],"ppma_author":[166],"class_list":["post-13833","post","type-post","status-publish","format-standard","has-post-thumbnail","hentry","category-art-culture","tag-churches","tag-rome","tag-vatican"],"authors":[{"term_id":166,"user_id":61,"is_guest":0,"slug":"aoifewalks","display_name":"Aoife Bradshaw","avatar_url":"https:\/\/secure.gravatar.com\/avatar\/53df06eda4a4ad27ba2bcdeb3ba2913c?s=96&d=mm&r=g","user_url":"","last_name":"Bradshaw","first_name":"Aoife","job_title":"","description":"Aoife Bradshaw is a writer from Ireland with a serious case of wanderlust. Passionate about travel, food, and film, she writes about any and everything cultural. She's happiest when she\u2019s exploring new ideas in different cities, or delving into their history. When she\u2019s not writing she can usually be found on rambling walks, engrossed in a good book or trying her hand at a new recipe. Aoife also contributes to CultureTrip and Hotpress Magazine."}],"_links":{"self":[{"href":"https:\/\/www.walksofitaly.com\/blog\/wp-json\/wp\/v2\/posts\/13833"}],"collection":[{"href":"https:\/\/www.walksofitaly.com\/blog\/wp-json\/wp\/v2\/posts"}],"about":[{"href":"https:\/\/www.walksofitaly.com\/blog\/wp-json\/wp\/v2\/types\/post"}],"author":[{"embeddable":true,"href":"https:\/\/www.walksofitaly.com\/blog\/wp-json\/wp\/v2\/users\/61"}],"replies":[{"embeddable":true,"href":"https:\/\/www.walksofitaly.com\/blog\/wp-json\/wp\/v2\/comments?post=13833"}],"version-history":[{"count":5,"href":"https:\/\/www.walksofitaly.com\/blog\/wp-json\/wp\/v2\/posts\/13833\/revisions"}],"predecessor-version":[{"id":20490,"href":"https:\/\/www.walksofitaly.com\/blog\/wp-json\/wp\/v2\/posts\/13833\/revisions\/20490"}],"wp:featuredmedia":[{"embeddable":true,"href":"https:\/\/www.walksofitaly.com\/blog\/wp-json\/wp\/v2\/media\/13891"}],"wp:attachment":[{"href":"https:\/\/www.walksofitaly.com\/blog\/wp-json\/wp\/v2\/media?parent=13833"}],"wp:term":[{"taxonomy":"category","embeddable":true,"href":"https:\/\/www.walksofitaly.com\/blog\/wp-json\/wp\/v2\/categories?post=13833"},{"taxonomy":"post_tag","embeddable":true,"href":"https:\/\/www.walksofitaly.com\/blog\/wp-json\/wp\/v2\/tags?post=13833"},{"taxonomy":"author","embeddable":true,"href":"https:\/\/www.walksofitaly.com\/blog\/wp-json\/wp\/v2\/ppma_author?post=13833"}],"curies":[{"name":"wp","href":"https:\/\/api.w.org\/{rel}","templated":true}]}}